{"id":361,"count":164,"description":"Vyri\u0161ka apranga - tai kategorija, kurioje si\u016blomas platus stiling\u0173 ir funkcionali\u0173 drabu\u017ei\u0173 asortimentas \u012fvairaus am\u017eiaus ir stiliaus vyrams. \u010cia rasite visko - nuo kasdien\u0117s aprangos iki oficiali\u0173 kostium\u0173. Per\u017ei\u016br\u0117kite m\u016bs\u0173 vyri\u0161k\u0173 drabu\u017ei\u0173 asortiment\u0105 ir raskite tobulus drabu\u017eius savo garderobui papildyti!","link":"https:\/\/www.karinibutiik.ee\/lt\/produkto-kategorija\/vyrai\/","name":"Vyrai","slug":"vyrai","taxonomy":"product_cat","parent":0,"meta":[],"yoast_head":"<!-- This site is optimized with the Yoast SEO plugin v26.9 - https:\/\/yoast.com\/product\/yoast-seo-wordpress\/ -->\n<title>Mehed - Karini Butiik<\/title>\n<meta name=\"description\" content=\"Meeste r\u00f5ivad on kategooria, mis pakub laia valikut stiilseid ja funktsionaalseid r\u00f5ivaid meestele igas vanuses ja stiilieelistuses. Siin leiate k\u00f5ike alates igap\u00e4evastest r\u00f5ivastest kuni pidulike \u00fclikondadeni. Tutvuge meie meeste r\u00f5ivaste valikuga ja leidke oma garderoobi t\u00e4iendamiseks t\u00e4iuslikud t\u00fckid!\" \/>\n<meta name=\"robots\" content=\"index, follow, max-snippet:-1, max-image-preview:large, max-video-preview:-1\" \/>\n<link rel=\"canonical\" href=\"https:\/\/www.karinibutiik.ee\/lt\/produkto-kategorija\/vyrai\/\" \/>\n<meta property=\"og:locale\" content=\"lt_LT\" \/>\n<meta property=\"og:type\" content=\"article\" \/>\n<meta property=\"og:title\" content=\"Mehed - Karini Butiik\" \/>\n<meta property=\"og:description\" content=\"Meeste r\u00f5ivad on kategooria, mis pakub laia valikut stiilseid ja funktsionaalseid r\u00f5ivaid meestele igas vanuses ja stiilieelistuses. Siin leiate k\u00f5ike alates igap\u00e4evastest r\u00f5ivastest kuni pidulike \u00fclikondadeni. Tutvuge meie meeste r\u00f5ivaste valikuga ja leidke oma garderoobi t\u00e4iendamiseks t\u00e4iuslikud t\u00fckid!\" \/>\n<meta property=\"og:url\" content=\"https:\/\/www.karinibutiik.ee\/lt\/produkto-kategorija\/vyrai\/\" \/>\n<meta property=\"og:site_name\" content=\"Karini Butiik\" \/>\n<meta property=\"og:image\" content=\"https:\/\/www.karinibutiik.ee\/wp-content\/uploads\/2024\/10\/Karinibutiikavaleht.png\" \/>\n\t<meta property=\"og:image:width\" content=\"1209\" \/>\n\t<meta property=\"og:image:height\" content=\"835\" \/>\n\t<meta property=\"og:image:type\" content=\"image\/png\" \/>\n<meta name=\"twitter:card\" content=\"summary_large_image\" \/>\n<script type=\"application\/ld+json\" class=\"yoast-schema-graph\">{\"@context\":\"https:\/\/schema.org\",\"@graph\":[{\"@type\":\"CollectionPage\",\"@id\":\"https:\/\/www.karinibutiik.ee\/tootekategooria\/mehed\/\",\"url\":\"https:\/\/www.karinibutiik.ee\/tootekategooria\/mehed\/\",\"name\":\"Mehed - Karini Butiik\",\"isPartOf\":{\"@id\":\"https:\/\/www.karinibutiik.ee\/#website\"},\"description\":\"Meeste r\u00f5ivad on kategooria, mis pakub laia valikut stiilseid ja funktsionaalseid r\u00f5ivaid meestele igas vanuses ja stiilieelistuses. Siin leiate k\u00f5ike alates igap\u00e4evastest r\u00f5ivastest kuni pidulike \u00fclikondadeni. Tutvuge meie meeste r\u00f5ivaste valikuga ja leidke oma garderoobi t\u00e4iendamiseks t\u00e4iuslikud t\u00fckid!\",\"breadcrumb\":{\"@id\":\"https:\/\/www.karinibutiik.ee\/tootekategooria\/mehed\/#breadcrumb\"},\"inLanguage\":\"lt-LT\"},{\"@type\":\"BreadcrumbList\",\"@id\":\"https:\/\/www.karinibutiik.ee\/tootekategooria\/mehed\/#breadcrumb\",\"itemListElement\":[{\"@type\":\"ListItem\",\"position\":1,\"name\":\"Home\",\"item\":\"https:\/\/www.karinibutiik.ee\/\"},{\"@type\":\"ListItem\",\"position\":2,\"name\":\"Mehed\"}]},{\"@type\":\"WebSite\",\"@id\":\"https:\/\/www.karinibutiik.ee\/#website\",\"url\":\"https:\/\/www.karinibutiik.ee\/\",\"name\":\"Karini Butiik\",\"description\":\"\",\"publisher\":{\"@id\":\"https:\/\/www.karinibutiik.ee\/#organization\"},\"potentialAction\":[{\"@type\":\"SearchAction\",\"target\":{\"@type\":\"EntryPoint\",\"urlTemplate\":\"https:\/\/www.karinibutiik.ee\/?s={search_term_string}\"},\"query-input\":{\"@type\":\"PropertyValueSpecification\",\"valueRequired\":true,\"valueName\":\"search_term_string\"}}],\"inLanguage\":\"lt-LT\"},{\"@type\":\"Organization\",\"@id\":\"https:\/\/www.karinibutiik.ee\/#organization\",\"name\":\"Karini Butiik\",\"url\":\"https:\/\/www.karinibutiik.ee\/\",\"logo\":{\"@type\":\"ImageObject\",\"inLanguage\":\"lt-LT\",\"@id\":\"https:\/\/www.karinibutiik.ee\/#\/schema\/logo\/image\/\",\"url\":\"https:\/\/www.karinibutiik.ee\/wp-content\/uploads\/2024\/10\/Kuj.-K-koopia.png\",\"contentUrl\":\"https:\/\/www.karinibutiik.ee\/wp-content\/uploads\/2024\/10\/Kuj.-K-koopia.png\",\"width\":500,\"height\":500,\"caption\":\"Karini Butiik\"},\"image\":{\"@id\":\"https:\/\/www.karinibutiik.ee\/#\/schema\/logo\/image\/\"},\"sameAs\":[\"https:\/\/www.facebook.com\/karinibutiik.ee\",\"https:\/\/www.instagram.com\/karinibutiik\"]}]}<\/script>\n<!-- \/ Yoast SEO plugin. -->","yoast_head_json":{"title":"Vyrai - Karini Butiik","description":"Vyri\u0161ka apranga - tai kategorija, kurioje si\u016blomas platus stiling\u0173 ir funkcionali\u0173 drabu\u017ei\u0173 asortimentas \u012fvairaus am\u017eiaus ir stiliaus vyrams. \u010cia rasite visko - nuo kasdien\u0117s aprangos iki oficiali\u0173 kostium\u0173. Per\u017ei\u016br\u0117kite m\u016bs\u0173 vyri\u0161k\u0173 drabu\u017ei\u0173 asortiment\u0105 ir raskite tobulus drabu\u017eius savo garderobui papildyti!","robots":{"index":"index","follow":"follow","max-snippet":"max-snippet:-1","max-image-preview":"max-image-preview:large","max-video-preview":"max-video-preview:-1"},"canonical":"https:\/\/www.karinibutiik.ee\/lt\/produkto-kategorija\/vyrai\/","og_locale":"lt_LT","og_type":"article","og_title":"Mehed - Karini Butiik","og_description":"Meeste r\u00f5ivad on kategooria, mis pakub laia valikut stiilseid ja funktsionaalseid r\u00f5ivaid meestele igas vanuses ja stiilieelistuses. Siin leiate k\u00f5ike alates igap\u00e4evastest r\u00f5ivastest kuni pidulike \u00fclikondadeni. Tutvuge meie meeste r\u00f5ivaste valikuga ja leidke oma garderoobi t\u00e4iendamiseks t\u00e4iuslikud t\u00fckid!","og_url":"https:\/\/www.karinibutiik.ee\/lt\/produkto-kategorija\/vyrai\/","og_site_name":"Karini Butiik","og_image":[{"width":1209,"height":835,"url":"https:\/\/www.karinibutiik.ee\/wp-content\/uploads\/2024\/10\/Karinibutiikavaleht.png","type":"image\/png"}],"twitter_card":"summary_large_image","schema":{"@context":"https:\/\/schema.org","@graph":[{"@type":"CollectionPage","@id":"https:\/\/www.karinibutiik.ee\/tootekategooria\/mehed\/","url":"https:\/\/www.karinibutiik.ee\/tootekategooria\/mehed\/","name":"Vyrai - Karini Butiik","isPartOf":{"@id":"https:\/\/www.karinibutiik.ee\/#website"},"description":"Vyri\u0161ka apranga - tai kategorija, kurioje si\u016blomas platus stiling\u0173 ir funkcionali\u0173 drabu\u017ei\u0173 asortimentas \u012fvairaus am\u017eiaus ir stiliaus vyrams. \u010cia rasite visko - nuo kasdien\u0117s aprangos iki oficiali\u0173 kostium\u0173. Per\u017ei\u016br\u0117kite m\u016bs\u0173 vyri\u0161k\u0173 drabu\u017ei\u0173 asortiment\u0105 ir raskite tobulus drabu\u017eius savo garderobui papildyti!","breadcrumb":{"@id":"https:\/\/www.karinibutiik.ee\/tootekategooria\/mehed\/#breadcrumb"},"inLanguage":"lt-LT"},{"@type":"BreadcrumbList","@id":"https:\/\/www.karinibutiik.ee\/tootekategooria\/mehed\/#breadcrumb","itemListElement":[{"@type":"ListItem","position":1,"name":"Home","item":"https:\/\/www.karinibutiik.ee\/"},{"@type":"ListItem","position":2,"name":"Mehed"}]},{"@type":"WebSite","@id":"https:\/\/www.karinibutiik.ee\/#website","url":"https:\/\/www.karinibutiik.ee\/","name":"Karini Butiik","description":"","publisher":{"@id":"https:\/\/www.karinibutiik.ee\/#organization"},"potentialAction":[{"@type":"SearchAction","target":{"@type":"EntryPoint","urlTemplate":"https:\/\/www.karinibutiik.ee\/?s={search_term_string}"},"query-input":{"@type":"PropertyValueSpecification","valueRequired":true,"valueName":"search_term_string"}}],"inLanguage":"lt-LT"},{"@type":"Organization","@id":"https:\/\/www.karinibutiik.ee\/#organization","name":"Karini Butiik","url":"https:\/\/www.karinibutiik.ee\/","logo":{"@type":"ImageObject","inLanguage":"lt-LT","@id":"https:\/\/www.karinibutiik.ee\/#\/schema\/logo\/image\/","url":"https:\/\/www.karinibutiik.ee\/wp-content\/uploads\/2024\/10\/Kuj.-K-koopia.png","contentUrl":"https:\/\/www.karinibutiik.ee\/wp-content\/uploads\/2024\/10\/Kuj.-K-koopia.png","width":500,"height":500,"caption":"Karini Butiik"},"image":{"@id":"https:\/\/www.karinibutiik.ee\/#\/schema\/logo\/image\/"},"sameAs":["https:\/\/www.facebook.com\/karinibutiik.ee","https:\/\/www.instagram.com\/karinibutiik"]}]}},"_links":{"self":[{"href":"https:\/\/www.karinibutiik.ee\/lt\/wp-json\/wp\/v2\/product_cat\/361","targetHints":{"allow":["GET"]}}],"collection":[{"href":"https:\/\/www.karinibutiik.ee\/lt\/wp-json\/wp\/v2\/product_cat"}],"about":[{"href":"https:\/\/www.karinibutiik.ee\/lt\/wp-json\/wp\/v2\/taxonomies\/product_cat"}],"wp:post_type":[{"href":"https:\/\/www.karinibutiik.ee\/lt\/wp-json\/wp\/v2\/product?product_cat=361"}],"curies":[{"name":"wp","href":"https:\/\/api.w.org\/{rel}","templated":true}]}}